{"id":2216,"date":"2005-01-08T16:25:28","date_gmt":"2005-01-08T16:25:28","guid":{"rendered":"https:\/\/eugenvarzic.com\/?p=2216"},"modified":"2023-07-22T11:38:33","modified_gmt":"2023-07-22T11:38:33","slug":"slike-iz-ablona-marino-baldini","status":"publish","type":"post","link":"https:\/\/eugenvarzic.com\/hr\/slike-iz-ablona-marino-baldini\/","title":{"rendered":"Slike iz Ablona &#8211; Marino Baldini"},"content":{"rendered":"<p>Izlo\u017eba i ciklus nose naziv dijela Pariza u kojem je Eugen Varzi\u0107 2005. godine du\u017ee vrijeme radno boravio s obitelji. Taj osobito plodan dio njegova \u017eivota izrodio je seriju vrlo osebujnu, u nastavku opusa kojeg stvara od devedesetih. Ovom prilikom, me\u0111utim, jasan je zaokret u temama koje njegovoj umjetnosti daju zna\u010dajnu notu osobnosti i poja\u010davaju izri\u010daj tehnika s istra\u017eivanjima koje je autor produbljuje jo\u0161 od vremena studija.<br \/>\nNjegov popartisti\u010dki pristup usvajanja i obrade svakodnevnog, obuhva\u0107a urbani okoli\u0161 s materijalima, atmosferama i dojmovima \u0161to uspje\u0161no oslikavaju okru\u017eenje svakodnevlja.\u00a0Njegov je rakurs okru\u017eenja kroz stalan i temeljit rad, slojevito uno\u0161en u slikarstvo, skulpturu i film, vrsno\u0107om tehni\u010dkog postupka, uzimaju\u0107i u obzir razli\u010dite materijale, ali koriste\u0107i klasi\u010dni slikarski postupak s citatom spomeni\u010dkog, povijesnoumjetni\u010dkog, kolorita \u0161to se name\u0107e zamjedbi dubljih poznavatelja grada. U tom je smislu, jasnim analogijama i prizivanjima u vizualno sje\u0107anje zna\u010dajnih ostvarenja moderne i moderniteta, svojski stvarao tematike koje se i\u0161\u010ditavaju kao estetski i eti\u010dki anga\u017eman. Eugen Varzi\u0107 spada u sam vrh rije\u010dko-istarske umejtni\u010dke scene prepoznatljivo\u0161\u0107u, vrsno\u0107om i dosegom svojeg djela, \u010diji tijek stvaranja i nastajanja dobiva elemente zanimljivih zaokru\u017eenosti. U posebno darovitoj pore\u010dkoj generaciji, ali i krugu istarskih umjetnika, name\u0107e se svojim kontinuiranim prinosima \u0161to uz osoben likovni diskurs vremenito unose ideju vizionarstva.\u00a0U tom smislu treba \u010ditati i ciklus Ablon, kao zaokret, introspekciju iz koje tradicionalna Eugenova tehnika produbljeno u obiteljskoj tematici prinosi portretima \u010dija percepcija zaziva svevremenost. Slojevitost supraponiranja u slikanju lica i prihvatljivost pastozne ispune \u010dija se reljefnost u jarkom crvenilu duboku usjeca u zamjedbu. Ovakovim je radom, umjetnik dodatno podigao razinu svoje prepoznatljivosti, a vrsno\u0107om likovnog recikliranja sada\u0161njosti, name\u0107e se kao jedna od klju\u010dnih figura suvremenog slikarstva izvan gradskih i regionalnih granica.<\/p>\n","protected":false},"excerpt":{"rendered":"<p>Izlo\u017eba i ciklus nose naziv dijela Pariza u kojem je Eugen Varzi\u0107 2005. godine du\u017ee vrijeme radno boravio s obitelji. Taj osobito plodan dio njegova &hellip;<\/p>\n","protected":false},"author":1,"featured_media":728,"comment_status":"closed","ping_status":"closed","sticky":false,"template":"","format":"standard","meta":{"jetpack_post_was_ever_published":false,"_jetpack_newsletter_access":"","_jetpack_dont_email_post_to_subs":false,"_jetpack_newsletter_tier_id":0,"_jetpack_memberships_contains_paywalled_content":false,"_jetpack_memberships_contains_paid_content":false,"footnotes":""},"categories":[10],"tags":[],"class_list":["post-2216","post","type-post","status-publish","format-standard","has-post-thumbnail","hentry","category-recenzije"],"translation":{"provider":"WPGlobus","version":"3.0.2","language":"hr","enabled_languages":["en","hr"],"languages":{"en":{"title":true,"content":true,"excerpt":false},"hr":{"title":true,"content":true,"excerpt":false}}},"yoast_head":"<!-- This site is optimized with the Yoast SEO plugin v27.5 - https:\/\/yoast.com\/product\/yoast-seo-wordpress\/ -->\n<title>Slike iz Ablona - Marino Baldini - Eugen Varzi\u0107<\/title>\n<meta name=\"robots\" content=\"index, follow, max-snippet:-1, max-image-preview:large, max-video-preview:-1\" \/>\n<link rel=\"canonical\" href=\"https:\/\/eugenvarzic.com\/slike-iz-ablona-marino-baldini\/\" \/>\n<meta property=\"og:locale\" content=\"hr_HR\" \/>\n<meta property=\"og:type\" content=\"article\" \/>\n<meta property=\"og:title\" content=\"Slike iz Ablona - Marino Baldini - Eugen Varzi\u0107\" \/>\n<meta property=\"og:url\" content=\"https:\/\/eugenvarzic.com\/slike-iz-ablona-marino-baldini\/\" \/>\n<meta property=\"og:site_name\" content=\"Eugen Varzi\u0107\" \/>\n<meta property=\"article:publisher\" content=\"https:\/\/www.facebook.com\/eugen.varzic\/\" \/>\n<meta property=\"article:author\" content=\"https:\/\/www.facebook.com\/eugen.varzic\/\" \/>\n<meta property=\"article:published_time\" content=\"2005-01-08T16:25:28+00:00\" \/>\n<meta property=\"article:modified_time\" content=\"2023-07-22T11:38:33+00:00\" \/>\n<meta property=\"og:image\" content=\"https:\/\/i2.wp.com\/eugenvarzic.com\/wp-content\/uploads\/2014\/09\/41.jpg?fit=800%2C600&ssl=1\" \/>\n\t<meta property=\"og:image:width\" content=\"800\" \/>\n\t<meta property=\"og:image:height\" content=\"600\" \/>\n\t<meta property=\"og:image:type\" content=\"image\/jpeg\" \/>\n<meta name=\"author\" content=\"Eugen\" \/>\n<meta name=\"twitter:card\" content=\"summary_large_image\" \/>\n<meta name=\"twitter:creator\" content=\"@eugenvarzic\" \/>\n<meta name=\"twitter:site\" content=\"@eugenvarzic\" \/>\n<meta name=\"twitter:label1\" content=\"Written by\" \/>\n\t<meta name=\"twitter:data1\" content=\"Eugen\" \/>\n\t<meta name=\"twitter:label2\" content=\"Est. reading time\" \/>\n\t<meta name=\"twitter:data2\" content=\"3 minutes\" \/>\n<script type=\"application\/ld+json\" class=\"yoast-schema-graph\">{\"@context\":\"https:\\\/\\\/schema.org\",\"@graph\":[{\"@type\":\"Article\",\"@id\":\"https:\\\/\\\/eugenvarzic.com\\\/slike-iz-ablona-marino-baldini\\\/#article\",\"isPartOf\":{\"@id\":\"https:\\\/\\\/eugenvarzic.com\\\/slike-iz-ablona-marino-baldini\\\/\"},\"author\":{\"name\":\"Eugen\",\"@id\":\"https:\\\/\\\/eugenvarzic.com\\\/#\\\/schema\\\/person\\\/1928e81eca9b9efd39fef3e26939d04c\"},\"headline\":\"Slike iz Ablona &#8211; Marino Baldini\",\"datePublished\":\"2005-01-08T16:25:28+00:00\",\"dateModified\":\"2023-07-22T11:38:33+00:00\",\"mainEntityOfPage\":{\"@id\":\"https:\\\/\\\/eugenvarzic.com\\\/slike-iz-ablona-marino-baldini\\\/\"},\"wordCount\":684,\"publisher\":{\"@id\":\"https:\\\/\\\/eugenvarzic.com\\\/#\\\/schema\\\/person\\\/1928e81eca9b9efd39fef3e26939d04c\"},\"image\":{\"@id\":\"https:\\\/\\\/eugenvarzic.com\\\/slike-iz-ablona-marino-baldini\\\/#primaryimage\"},\"thumbnailUrl\":\"https:\\\/\\\/eugenvarzic.com\\\/wp-content\\\/uploads\\\/2014\\\/09\\\/41.jpg\",\"articleSection\":[\"Recenzije\"],\"inLanguage\":\"hr-HR\"},{\"@type\":\"WebPage\",\"@id\":\"https:\\\/\\\/eugenvarzic.com\\\/slike-iz-ablona-marino-baldini\\\/\",\"url\":\"https:\\\/\\\/eugenvarzic.com\\\/slike-iz-ablona-marino-baldini\\\/\",\"name\":\"Slike iz Ablona - Marino Baldini - Eugen Varzi\u0107\",\"isPartOf\":{\"@id\":\"https:\\\/\\\/eugenvarzic.com\\\/#website\"},\"primaryImageOfPage\":{\"@id\":\"https:\\\/\\\/eugenvarzic.com\\\/slike-iz-ablona-marino-baldini\\\/#primaryimage\"},\"image\":{\"@id\":\"https:\\\/\\\/eugenvarzic.com\\\/slike-iz-ablona-marino-baldini\\\/#primaryimage\"},\"thumbnailUrl\":\"https:\\\/\\\/eugenvarzic.com\\\/wp-content\\\/uploads\\\/2014\\\/09\\\/41.jpg\",\"datePublished\":\"2005-01-08T16:25:28+00:00\",\"dateModified\":\"2023-07-22T11:38:33+00:00\",\"breadcrumb\":{\"@id\":\"https:\\\/\\\/eugenvarzic.com\\\/slike-iz-ablona-marino-baldini\\\/#breadcrumb\"},\"inLanguage\":\"hr-HR\",\"potentialAction\":[{\"@type\":\"ReadAction\",\"target\":[\"https:\\\/\\\/eugenvarzic.com\\\/slike-iz-ablona-marino-baldini\\\/\"]}]},{\"@type\":\"ImageObject\",\"inLanguage\":\"hr-HR\",\"@id\":\"https:\\\/\\\/eugenvarzic.com\\\/slike-iz-ablona-marino-baldini\\\/#primaryimage\",\"url\":\"https:\\\/\\\/eugenvarzic.com\\\/wp-content\\\/uploads\\\/2014\\\/09\\\/41.jpg\",\"contentUrl\":\"https:\\\/\\\/eugenvarzic.com\\\/wp-content\\\/uploads\\\/2014\\\/09\\\/41.jpg\",\"width\":800,\"height\":600},{\"@type\":\"BreadcrumbList\",\"@id\":\"https:\\\/\\\/eugenvarzic.com\\\/slike-iz-ablona-marino-baldini\\\/#breadcrumb\",\"itemListElement\":[{\"@type\":\"ListItem\",\"position\":1,\"name\":\"Po\u010detna stranica\",\"item\":\"https:\\\/\\\/eugenvarzic.com\\\/\"},{\"@type\":\"ListItem\",\"position\":2,\"name\":\"Slike iz Ablona &#8211; Marino Baldini\"}]},{\"@type\":\"WebSite\",\"@id\":\"https:\\\/\\\/eugenvarzic.com\\\/#website\",\"url\":\"https:\\\/\\\/eugenvarzic.com\\\/\",\"name\":\"Eugen Varzi\u0107\",\"description\":\"Suvremeni figurativni slikar \u2014 Istra, HR\",\"publisher\":{\"@id\":\"https:\\\/\\\/eugenvarzic.com\\\/#\\\/schema\\\/person\\\/1928e81eca9b9efd39fef3e26939d04c\"},\"alternateName\":\"Contemporary figurative painter\",\"potentialAction\":[{\"@type\":\"SearchAction\",\"target\":{\"@type\":\"EntryPoint\",\"urlTemplate\":\"https:\\\/\\\/eugenvarzic.com\\\/?s={search_term_string}\"},\"query-input\":{\"@type\":\"PropertyValueSpecification\",\"valueRequired\":true,\"valueName\":\"search_term_string\"}}],\"inLanguage\":\"hr-HR\"},{\"@type\":[\"Person\",\"Organization\"],\"@id\":\"https:\\\/\\\/eugenvarzic.com\\\/#\\\/schema\\\/person\\\/1928e81eca9b9efd39fef3e26939d04c\",\"name\":\"Eugen\",\"image\":{\"@type\":\"ImageObject\",\"inLanguage\":\"hr-HR\",\"@id\":\"https:\\\/\\\/eugenvarzic.com\\\/wp-content\\\/uploads\\\/2025\\\/02\\\/475979177_4852069231684115_4646300910609148417_n.jpg\",\"url\":\"https:\\\/\\\/eugenvarzic.com\\\/wp-content\\\/uploads\\\/2025\\\/02\\\/475979177_4852069231684115_4646300910609148417_n.jpg\",\"contentUrl\":\"https:\\\/\\\/eugenvarzic.com\\\/wp-content\\\/uploads\\\/2025\\\/02\\\/475979177_4852069231684115_4646300910609148417_n.jpg\",\"width\":961,\"height\":961,\"caption\":\"Eugen\"},\"logo\":{\"@id\":\"https:\\\/\\\/eugenvarzic.com\\\/wp-content\\\/uploads\\\/2025\\\/02\\\/475979177_4852069231684115_4646300910609148417_n.jpg\"},\"sameAs\":[\"https:\\\/\\\/eugenvarzic.com\\\/\",\"https:\\\/\\\/www.facebook.com\\\/eugen.varzic\\\/\",\"https:\\\/\\\/www.instagram.com\\\/eugenvarzic\\\/\",\"https:\\\/\\\/www.linkedin.com\\\/in\\\/eugen-varzi-680b9869\\\/?originalSubdomain=hr\",\"https:\\\/\\\/x.com\\\/eugenvarzic\"]}]}<\/script>\n<!-- \/ Yoast SEO plugin. -->","yoast_head_json":{"title":"Slike iz Ablona - Marino Baldini - Eugen Varzi\u0107","robots":{"index":"index","follow":"follow","max-snippet":"max-snippet:-1","max-image-preview":"max-image-preview:large","max-video-preview":"max-video-preview:-1"},"canonical":"https:\/\/eugenvarzic.com\/slike-iz-ablona-marino-baldini\/","og_locale":"hr_HR","og_type":"article","og_title":"Slike iz Ablona - Marino Baldini - Eugen Varzi\u0107","og_url":"https:\/\/eugenvarzic.com\/slike-iz-ablona-marino-baldini\/","og_site_name":"Eugen Varzi\u0107","article_publisher":"https:\/\/www.facebook.com\/eugen.varzic\/","article_author":"https:\/\/www.facebook.com\/eugen.varzic\/","article_published_time":"2005-01-08T16:25:28+00:00","article_modified_time":"2023-07-22T11:38:33+00:00","og_image":[{"width":800,"height":600,"url":"https:\/\/i2.wp.com\/eugenvarzic.com\/wp-content\/uploads\/2014\/09\/41.jpg?fit=800%2C600&ssl=1","type":"image\/jpeg"}],"author":"Eugen","twitter_card":"summary_large_image","twitter_creator":"@eugenvarzic","twitter_site":"@eugenvarzic","twitter_misc":{"Written by":"Eugen","Est. reading time":"3 minutes"},"schema":{"@context":"https:\/\/schema.org","@graph":[{"@type":"Article","@id":"https:\/\/eugenvarzic.com\/slike-iz-ablona-marino-baldini\/#article","isPartOf":{"@id":"https:\/\/eugenvarzic.com\/slike-iz-ablona-marino-baldini\/"},"author":{"name":"Eugen","@id":"https:\/\/eugenvarzic.com\/#\/schema\/person\/1928e81eca9b9efd39fef3e26939d04c"},"headline":"Slike iz Ablona &#8211; Marino Baldini","datePublished":"2005-01-08T16:25:28+00:00","dateModified":"2023-07-22T11:38:33+00:00","mainEntityOfPage":{"@id":"https:\/\/eugenvarzic.com\/slike-iz-ablona-marino-baldini\/"},"wordCount":684,"publisher":{"@id":"https:\/\/eugenvarzic.com\/#\/schema\/person\/1928e81eca9b9efd39fef3e26939d04c"},"image":{"@id":"https:\/\/eugenvarzic.com\/slike-iz-ablona-marino-baldini\/#primaryimage"},"thumbnailUrl":"https:\/\/eugenvarzic.com\/wp-content\/uploads\/2014\/09\/41.jpg","articleSection":["Recenzije"],"inLanguage":"hr-HR"},{"@type":"WebPage","@id":"https:\/\/eugenvarzic.com\/slike-iz-ablona-marino-baldini\/","url":"https:\/\/eugenvarzic.com\/slike-iz-ablona-marino-baldini\/","name":"Slike iz Ablona - Marino Baldini - Eugen Varzi\u0107","isPartOf":{"@id":"https:\/\/eugenvarzic.com\/#website"},"primaryImageOfPage":{"@id":"https:\/\/eugenvarzic.com\/slike-iz-ablona-marino-baldini\/#primaryimage"},"image":{"@id":"https:\/\/eugenvarzic.com\/slike-iz-ablona-marino-baldini\/#primaryimage"},"thumbnailUrl":"https:\/\/eugenvarzic.com\/wp-content\/uploads\/2014\/09\/41.jpg","datePublished":"2005-01-08T16:25:28+00:00","dateModified":"2023-07-22T11:38:33+00:00","breadcrumb":{"@id":"https:\/\/eugenvarzic.com\/slike-iz-ablona-marino-baldini\/#breadcrumb"},"inLanguage":"hr-HR","potentialAction":[{"@type":"ReadAction","target":["https:\/\/eugenvarzic.com\/slike-iz-ablona-marino-baldini\/"]}]},{"@type":"ImageObject","inLanguage":"hr-HR","@id":"https:\/\/eugenvarzic.com\/slike-iz-ablona-marino-baldini\/#primaryimage","url":"https:\/\/eugenvarzic.com\/wp-content\/uploads\/2014\/09\/41.jpg","contentUrl":"https:\/\/eugenvarzic.com\/wp-content\/uploads\/2014\/09\/41.jpg","width":800,"height":600},{"@type":"BreadcrumbList","@id":"https:\/\/eugenvarzic.com\/slike-iz-ablona-marino-baldini\/#breadcrumb","itemListElement":[{"@type":"ListItem","position":1,"name":"Po\u010detna stranica","item":"https:\/\/eugenvarzic.com\/"},{"@type":"ListItem","position":2,"name":"Slike iz Ablona &#8211; Marino Baldini"}]},{"@type":"WebSite","@id":"https:\/\/eugenvarzic.com\/#website","url":"https:\/\/eugenvarzic.com\/","name":"Eugen Varzi\u0107","description":"Suvremeni figurativni slikar \u2014 Istra, HR","publisher":{"@id":"https:\/\/eugenvarzic.com\/#\/schema\/person\/1928e81eca9b9efd39fef3e26939d04c"},"alternateName":"Contemporary figurative painter","potentialAction":[{"@type":"SearchAction","target":{"@type":"EntryPoint","urlTemplate":"https:\/\/eugenvarzic.com\/?s={search_term_string}"},"query-input":{"@type":"PropertyValueSpecification","valueRequired":true,"valueName":"search_term_string"}}],"inLanguage":"hr-HR"},{"@type":["Person","Organization"],"@id":"https:\/\/eugenvarzic.com\/#\/schema\/person\/1928e81eca9b9efd39fef3e26939d04c","name":"Eugen","image":{"@type":"ImageObject","inLanguage":"hr-HR","@id":"https:\/\/eugenvarzic.com\/wp-content\/uploads\/2025\/02\/475979177_4852069231684115_4646300910609148417_n.jpg","url":"https:\/\/eugenvarzic.com\/wp-content\/uploads\/2025\/02\/475979177_4852069231684115_4646300910609148417_n.jpg","contentUrl":"https:\/\/eugenvarzic.com\/wp-content\/uploads\/2025\/02\/475979177_4852069231684115_4646300910609148417_n.jpg","width":961,"height":961,"caption":"Eugen"},"logo":{"@id":"https:\/\/eugenvarzic.com\/wp-content\/uploads\/2025\/02\/475979177_4852069231684115_4646300910609148417_n.jpg"},"sameAs":["https:\/\/eugenvarzic.com\/","https:\/\/www.facebook.com\/eugen.varzic\/","https:\/\/www.instagram.com\/eugenvarzic\/","https:\/\/www.linkedin.com\/in\/eugen-varzi-680b9869\/?originalSubdomain=hr","https:\/\/x.com\/eugenvarzic"]}]}},"jetpack_featured_media_url":"https:\/\/eugenvarzic.com\/wp-content\/uploads\/2014\/09\/41.jpg","jetpack_sharing_enabled":true,"_links":{"self":[{"href":"https:\/\/eugenvarzic.com\/hr\/wp-json\/wp\/v2\/posts\/2216","targetHints":{"allow":["GET"]}}],"collection":[{"href":"https:\/\/eugenvarzic.com\/hr\/wp-json\/wp\/v2\/posts"}],"about":[{"href":"https:\/\/eugenvarzic.com\/hr\/wp-json\/wp\/v2\/types\/post"}],"author":[{"embeddable":true,"href":"https:\/\/eugenvarzic.com\/hr\/wp-json\/wp\/v2\/users\/1"}],"replies":[{"embeddable":true,"href":"https:\/\/eugenvarzic.com\/hr\/wp-json\/wp\/v2\/comments?post=2216"}],"version-history":[{"count":2,"href":"https:\/\/eugenvarzic.com\/hr\/wp-json\/wp\/v2\/posts\/2216\/revisions"}],"predecessor-version":[{"id":8244,"href":"https:\/\/eugenvarzic.com\/hr\/wp-json\/wp\/v2\/posts\/2216\/revisions\/8244"}],"wp:featuredmedia":[{"embeddable":true,"href":"https:\/\/eugenvarzic.com\/hr\/wp-json\/wp\/v2\/media\/728"}],"wp:attachment":[{"href":"https:\/\/eugenvarzic.com\/hr\/wp-json\/wp\/v2\/media?parent=2216"}],"wp:term":[{"taxonomy":"category","embeddable":true,"href":"https:\/\/eugenvarzic.com\/hr\/wp-json\/wp\/v2\/categories?post=2216"},{"taxonomy":"post_tag","embeddable":true,"href":"https:\/\/eugenvarzic.com\/hr\/wp-json\/wp\/v2\/tags?post=2216"}],"curies":[{"name":"wp","href":"https:\/\/api.w.org\/{rel}","templated":true}]}}