{"id":2203,"date":"2009-01-08T13:58:56","date_gmt":"2009-01-08T13:58:56","guid":{"rendered":"https:\/\/eugenvarzic.com\/?p=2203"},"modified":"2024-06-26T10:31:10","modified_gmt":"2024-06-26T10:31:10","slug":"cirkus-marino-baldini","status":"publish","type":"post","link":"https:\/\/eugenvarzic.com\/hr\/cirkus-marino-baldini\/","title":{"rendered":"Cirkus &#8211; Marino Baldini"},"content":{"rendered":"<p>Eugen Varzi\u0107 je slikar koji se neprestano iskazuje rade\u0107i na \u010ditavom nizu tematika kojima je zajedni\u010dki nazivnik visoka svijest o likovnom trenutku, odnosno postmoderni iskorak koji figurom, te insertima raznih figurativnih epizoda iskazuje sekvence ili dijelove pojedinih scena od kojih su sazdane kompozicije. Nije posebno te\u0161ko autora shvatiti kao figurativca \u010diji su temelji vizualno sazdani od zna\u010dajnih iskustava kojima je prebogata povijest umjetnosti. Njegov je rad, me\u0111utim, daleko od toga da citira. Autor se ogleda u temama koje pristupom i razradama dobivaju potpuno jasan novi karakter vezan uz umjetnikova razmi\u0161ljanja, \u017eivot i sada\u0161njost.<\/p>\n<p>U toj sada\u0161njosti, a to je ve\u0107 tradicionalno za Eugenovo slikarstvo, tematike i motivi koji na razli\u010dite na\u010dine ocrtavaju autora i osobe koje ga okru\u017euju, tako\u0111er sadr\u017ee vizualne naracije \u0161to su ve\u0107 ranije i\u0161\u010ditavane kao proro\u010dke, pa taj element prisutan u zna\u010dajnoj mjeri u autorovim kompozicijama posebno ve\u0107eg formata jo\u0161 od vremena samostalne izlo\u017ebe u pore\u010dkoj pala\u010di Zuccato, treba navesti kao kontinuiranu kolorituru koja je sadr\u017eana i povezuje autorovu tematiku. Eugen je autor generacije nove slike (new image painting, nuova imagine), te ga po tome prepoznajemo u u\u017eem lokalnom i \u0161irem slikarskom okru\u017eenju.<\/p>\n<p>Razli\u010dita iskustva koje u stvarala\u0161tvu umjetnik koristi, sprije\u010davaju da ga preciznije definiramo, no svakako njegovo slikarstvo ovog ciklusa sadr\u017ei mnoge od elemenata zna\u010dajnih za suvremeni likovni trenutak. Od novog ekspresionizma prema neobaroku, mnogi se elementi razli\u010ditih stilova mogu prepoznavati u autorovom stvarala\u0161tvu, pa i oni transavangardni, koje bi zbog karaktera Eugenova stvarala\u0161tva bilo dobro nazvati posttransavangardnim. Od svega toga, znatno je bitnije umjetnikovo nagnu\u0107e istra\u017eivanju koje dopu\u0161ta stalno oboga\u0107ivanje repertorija i figurativnih vizija dojmljivog likovnog govora. Jedan od tih elemenata su bitne ikone i momenti moderne masovne kulture \u0161to se utiskuju svojim zna\u010denjem u suvremeni dru\u0161tveni kontekst. Nadalje, autor kakav je Eugen, zanima se tradicionalno za odnose figurativnog i nepredmetnog, etike i estetike, te posebice odnosa prema ki\u010du. U tom je smislu ovaj ciklus veoma zna\u010dajan jer obuhva\u0107a problematike s kojima se vizualni umjetnici veoma rijetko hvataju u ko\u0161tac, ali takove datosti mogu biti presudne za razumijevanje deterministi\u010dkog kaosa koji nas okru\u017euje.<\/p>\n<p>Vizualni Cirkus Eugena Varzi\u0107a nije kaos, ve\u0107 me\u0111u ostalim, govori o kaosu. Sve, pa i one najmanje glave kojima je to u likovnoj naraciji potrebno imaju rep. Iz tog drugog plana uzdi\u017eu se likovi junaka i junakinja \u0161to personalizirano svjedo\u010de o intimisti\u010dkoj i relevantnoj dru\u0161tvenoj vrijednosti autorove umjetnosti.<\/p>\n","protected":false},"excerpt":{"rendered":"<p>Eugen Varzi\u0107 je slikar koji se neprestano iskazuje rade\u0107i na \u010ditavom nizu tematika kojima je zajedni\u010dki nazivnik visoka svijest o likovnom trenutku, odnosno postmoderni iskorak &hellip;<\/p>\n","protected":false},"author":1,"featured_media":1158,"comment_status":"closed","ping_status":"closed","sticky":false,"template":"","format":"standard","meta":{"jetpack_post_was_ever_published":false,"_jetpack_newsletter_access":"","_jetpack_dont_email_post_to_subs":false,"_jetpack_newsletter_tier_id":0,"_jetpack_memberships_contains_paywalled_content":false,"_jetpack_memberships_contains_paid_content":false,"footnotes":""},"categories":[10],"tags":[],"class_list":["post-2203","post","type-post","status-publish","format-standard","has-post-thumbnail","hentry","category-recenzije"],"translation":{"provider":"WPGlobus","version":"3.0.2","language":"hr","enabled_languages":["en","hr"],"languages":{"en":{"title":true,"content":true,"excerpt":false},"hr":{"title":true,"content":true,"excerpt":false}}},"yoast_head":"<!-- This site is optimized with the Yoast SEO plugin v27.5 - https:\/\/yoast.com\/product\/yoast-seo-wordpress\/ -->\n<title>Cirkus - Marino Baldini - Eugen Varzi\u0107<\/title>\n<meta name=\"robots\" content=\"index, follow, max-snippet:-1, max-image-preview:large, max-video-preview:-1\" \/>\n<link rel=\"canonical\" href=\"https:\/\/eugenvarzic.com\/cirkus-marino-baldini\/\" \/>\n<meta property=\"og:locale\" content=\"hr_HR\" \/>\n<meta property=\"og:type\" content=\"article\" \/>\n<meta property=\"og:title\" content=\"Cirkus - Marino Baldini - Eugen Varzi\u0107\" \/>\n<meta property=\"og:url\" content=\"https:\/\/eugenvarzic.com\/cirkus-marino-baldini\/\" \/>\n<meta property=\"og:site_name\" content=\"Eugen Varzi\u0107\" \/>\n<meta property=\"article:publisher\" content=\"https:\/\/www.facebook.com\/eugen.varzic\/\" \/>\n<meta property=\"article:author\" content=\"https:\/\/www.facebook.com\/eugen.varzic\/\" \/>\n<meta property=\"article:published_time\" content=\"2009-01-08T13:58:56+00:00\" \/>\n<meta property=\"article:modified_time\" content=\"2024-06-26T10:31:10+00:00\" \/>\n<meta property=\"og:image\" content=\"https:\/\/eugenvarzic.com\/wp-content\/uploads\/2025\/02\/475979177_4852069231684115_4646300910609148417_n.jpg\" \/>\n\t<meta property=\"og:image:width\" content=\"961\" \/>\n\t<meta property=\"og:image:height\" content=\"961\" \/>\n\t<meta property=\"og:image:type\" content=\"image\/jpeg\" \/>\n<meta name=\"author\" content=\"Eugen\" \/>\n<meta name=\"twitter:card\" content=\"summary_large_image\" \/>\n<meta name=\"twitter:creator\" content=\"@eugenvarzic\" \/>\n<meta name=\"twitter:site\" content=\"@eugenvarzic\" \/>\n<meta name=\"twitter:label1\" content=\"Written by\" \/>\n\t<meta name=\"twitter:data1\" content=\"Eugen\" \/>\n\t<meta name=\"twitter:label2\" content=\"Est. reading time\" \/>\n\t<meta name=\"twitter:data2\" content=\"4 minutes\" \/>\n<script type=\"application\/ld+json\" class=\"yoast-schema-graph\">{\"@context\":\"https:\\\/\\\/schema.org\",\"@graph\":[{\"@type\":\"Article\",\"@id\":\"https:\\\/\\\/eugenvarzic.com\\\/cirkus-marino-baldini\\\/#article\",\"isPartOf\":{\"@id\":\"https:\\\/\\\/eugenvarzic.com\\\/cirkus-marino-baldini\\\/\"},\"author\":{\"name\":\"Eugen\",\"@id\":\"https:\\\/\\\/eugenvarzic.com\\\/#\\\/schema\\\/person\\\/1928e81eca9b9efd39fef3e26939d04c\"},\"headline\":\"Cirkus &#8211; Marino Baldini\",\"datePublished\":\"2009-01-08T13:58:56+00:00\",\"dateModified\":\"2024-06-26T10:31:10+00:00\",\"mainEntityOfPage\":{\"@id\":\"https:\\\/\\\/eugenvarzic.com\\\/cirkus-marino-baldini\\\/\"},\"wordCount\":909,\"publisher\":{\"@id\":\"https:\\\/\\\/eugenvarzic.com\\\/#\\\/schema\\\/person\\\/1928e81eca9b9efd39fef3e26939d04c\"},\"image\":{\"@id\":\"https:\\\/\\\/eugenvarzic.com\\\/cirkus-marino-baldini\\\/#primaryimage\"},\"thumbnailUrl\":\"https:\\\/\\\/eugenvarzic.com\\\/wp-content\\\/uploads\\\/2014\\\/09\\\/03.jpg\",\"articleSection\":[\"Recenzije\"],\"inLanguage\":\"hr-HR\"},{\"@type\":\"WebPage\",\"@id\":\"https:\\\/\\\/eugenvarzic.com\\\/cirkus-marino-baldini\\\/\",\"url\":\"https:\\\/\\\/eugenvarzic.com\\\/cirkus-marino-baldini\\\/\",\"name\":\"Cirkus - Marino Baldini - Eugen Varzi\u0107\",\"isPartOf\":{\"@id\":\"https:\\\/\\\/eugenvarzic.com\\\/#website\"},\"primaryImageOfPage\":{\"@id\":\"https:\\\/\\\/eugenvarzic.com\\\/cirkus-marino-baldini\\\/#primaryimage\"},\"image\":{\"@id\":\"https:\\\/\\\/eugenvarzic.com\\\/cirkus-marino-baldini\\\/#primaryimage\"},\"thumbnailUrl\":\"https:\\\/\\\/eugenvarzic.com\\\/wp-content\\\/uploads\\\/2014\\\/09\\\/03.jpg\",\"datePublished\":\"2009-01-08T13:58:56+00:00\",\"dateModified\":\"2024-06-26T10:31:10+00:00\",\"breadcrumb\":{\"@id\":\"https:\\\/\\\/eugenvarzic.com\\\/cirkus-marino-baldini\\\/#breadcrumb\"},\"inLanguage\":\"hr-HR\",\"potentialAction\":[{\"@type\":\"ReadAction\",\"target\":[\"https:\\\/\\\/eugenvarzic.com\\\/cirkus-marino-baldini\\\/\"]}]},{\"@type\":\"ImageObject\",\"inLanguage\":\"hr-HR\",\"@id\":\"https:\\\/\\\/eugenvarzic.com\\\/cirkus-marino-baldini\\\/#primaryimage\",\"url\":\"https:\\\/\\\/eugenvarzic.com\\\/wp-content\\\/uploads\\\/2014\\\/09\\\/03.jpg\",\"contentUrl\":\"https:\\\/\\\/eugenvarzic.com\\\/wp-content\\\/uploads\\\/2014\\\/09\\\/03.jpg\",\"width\":485,\"height\":650},{\"@type\":\"BreadcrumbList\",\"@id\":\"https:\\\/\\\/eugenvarzic.com\\\/cirkus-marino-baldini\\\/#breadcrumb\",\"itemListElement\":[{\"@type\":\"ListItem\",\"position\":1,\"name\":\"Po\u010detna stranica\",\"item\":\"https:\\\/\\\/eugenvarzic.com\\\/\"},{\"@type\":\"ListItem\",\"position\":2,\"name\":\"Cirkus &#8211; Marino Baldini\"}]},{\"@type\":\"WebSite\",\"@id\":\"https:\\\/\\\/eugenvarzic.com\\\/#website\",\"url\":\"https:\\\/\\\/eugenvarzic.com\\\/\",\"name\":\"Eugen Varzi\u0107\",\"description\":\"Suvremeni figurativni slikar \u2014 Istra, HR\",\"publisher\":{\"@id\":\"https:\\\/\\\/eugenvarzic.com\\\/#\\\/schema\\\/person\\\/1928e81eca9b9efd39fef3e26939d04c\"},\"alternateName\":\"Contemporary figurative painter\",\"potentialAction\":[{\"@type\":\"SearchAction\",\"target\":{\"@type\":\"EntryPoint\",\"urlTemplate\":\"https:\\\/\\\/eugenvarzic.com\\\/?s={search_term_string}\"},\"query-input\":{\"@type\":\"PropertyValueSpecification\",\"valueRequired\":true,\"valueName\":\"search_term_string\"}}],\"inLanguage\":\"hr-HR\"},{\"@type\":[\"Person\",\"Organization\"],\"@id\":\"https:\\\/\\\/eugenvarzic.com\\\/#\\\/schema\\\/person\\\/1928e81eca9b9efd39fef3e26939d04c\",\"name\":\"Eugen\",\"image\":{\"@type\":\"ImageObject\",\"inLanguage\":\"hr-HR\",\"@id\":\"https:\\\/\\\/eugenvarzic.com\\\/wp-content\\\/uploads\\\/2025\\\/02\\\/475979177_4852069231684115_4646300910609148417_n.jpg\",\"url\":\"https:\\\/\\\/eugenvarzic.com\\\/wp-content\\\/uploads\\\/2025\\\/02\\\/475979177_4852069231684115_4646300910609148417_n.jpg\",\"contentUrl\":\"https:\\\/\\\/eugenvarzic.com\\\/wp-content\\\/uploads\\\/2025\\\/02\\\/475979177_4852069231684115_4646300910609148417_n.jpg\",\"width\":961,\"height\":961,\"caption\":\"Eugen\"},\"logo\":{\"@id\":\"https:\\\/\\\/eugenvarzic.com\\\/wp-content\\\/uploads\\\/2025\\\/02\\\/475979177_4852069231684115_4646300910609148417_n.jpg\"},\"sameAs\":[\"https:\\\/\\\/eugenvarzic.com\\\/\",\"https:\\\/\\\/www.facebook.com\\\/eugen.varzic\\\/\",\"https:\\\/\\\/www.instagram.com\\\/eugenvarzic\\\/\",\"https:\\\/\\\/www.linkedin.com\\\/in\\\/eugen-varzi-680b9869\\\/?originalSubdomain=hr\",\"https:\\\/\\\/x.com\\\/eugenvarzic\"]}]}<\/script>\n<!-- \/ Yoast SEO plugin. -->","yoast_head_json":{"title":"Cirkus - Marino Baldini - Eugen Varzi\u0107","robots":{"index":"index","follow":"follow","max-snippet":"max-snippet:-1","max-image-preview":"max-image-preview:large","max-video-preview":"max-video-preview:-1"},"canonical":"https:\/\/eugenvarzic.com\/cirkus-marino-baldini\/","og_locale":"hr_HR","og_type":"article","og_title":"Cirkus - Marino Baldini - Eugen Varzi\u0107","og_url":"https:\/\/eugenvarzic.com\/cirkus-marino-baldini\/","og_site_name":"Eugen Varzi\u0107","article_publisher":"https:\/\/www.facebook.com\/eugen.varzic\/","article_author":"https:\/\/www.facebook.com\/eugen.varzic\/","article_published_time":"2009-01-08T13:58:56+00:00","article_modified_time":"2024-06-26T10:31:10+00:00","og_image":[{"width":961,"height":961,"url":"https:\/\/eugenvarzic.com\/wp-content\/uploads\/2025\/02\/475979177_4852069231684115_4646300910609148417_n.jpg","type":"image\/jpeg"}],"author":"Eugen","twitter_card":"summary_large_image","twitter_creator":"@eugenvarzic","twitter_site":"@eugenvarzic","twitter_misc":{"Written by":"Eugen","Est. reading time":"4 minutes"},"schema":{"@context":"https:\/\/schema.org","@graph":[{"@type":"Article","@id":"https:\/\/eugenvarzic.com\/cirkus-marino-baldini\/#article","isPartOf":{"@id":"https:\/\/eugenvarzic.com\/cirkus-marino-baldini\/"},"author":{"name":"Eugen","@id":"https:\/\/eugenvarzic.com\/#\/schema\/person\/1928e81eca9b9efd39fef3e26939d04c"},"headline":"Cirkus &#8211; Marino Baldini","datePublished":"2009-01-08T13:58:56+00:00","dateModified":"2024-06-26T10:31:10+00:00","mainEntityOfPage":{"@id":"https:\/\/eugenvarzic.com\/cirkus-marino-baldini\/"},"wordCount":909,"publisher":{"@id":"https:\/\/eugenvarzic.com\/#\/schema\/person\/1928e81eca9b9efd39fef3e26939d04c"},"image":{"@id":"https:\/\/eugenvarzic.com\/cirkus-marino-baldini\/#primaryimage"},"thumbnailUrl":"https:\/\/eugenvarzic.com\/wp-content\/uploads\/2014\/09\/03.jpg","articleSection":["Recenzije"],"inLanguage":"hr-HR"},{"@type":"WebPage","@id":"https:\/\/eugenvarzic.com\/cirkus-marino-baldini\/","url":"https:\/\/eugenvarzic.com\/cirkus-marino-baldini\/","name":"Cirkus - Marino Baldini - Eugen Varzi\u0107","isPartOf":{"@id":"https:\/\/eugenvarzic.com\/#website"},"primaryImageOfPage":{"@id":"https:\/\/eugenvarzic.com\/cirkus-marino-baldini\/#primaryimage"},"image":{"@id":"https:\/\/eugenvarzic.com\/cirkus-marino-baldini\/#primaryimage"},"thumbnailUrl":"https:\/\/eugenvarzic.com\/wp-content\/uploads\/2014\/09\/03.jpg","datePublished":"2009-01-08T13:58:56+00:00","dateModified":"2024-06-26T10:31:10+00:00","breadcrumb":{"@id":"https:\/\/eugenvarzic.com\/cirkus-marino-baldini\/#breadcrumb"},"inLanguage":"hr-HR","potentialAction":[{"@type":"ReadAction","target":["https:\/\/eugenvarzic.com\/cirkus-marino-baldini\/"]}]},{"@type":"ImageObject","inLanguage":"hr-HR","@id":"https:\/\/eugenvarzic.com\/cirkus-marino-baldini\/#primaryimage","url":"https:\/\/eugenvarzic.com\/wp-content\/uploads\/2014\/09\/03.jpg","contentUrl":"https:\/\/eugenvarzic.com\/wp-content\/uploads\/2014\/09\/03.jpg","width":485,"height":650},{"@type":"BreadcrumbList","@id":"https:\/\/eugenvarzic.com\/cirkus-marino-baldini\/#breadcrumb","itemListElement":[{"@type":"ListItem","position":1,"name":"Po\u010detna stranica","item":"https:\/\/eugenvarzic.com\/"},{"@type":"ListItem","position":2,"name":"Cirkus &#8211; Marino Baldini"}]},{"@type":"WebSite","@id":"https:\/\/eugenvarzic.com\/#website","url":"https:\/\/eugenvarzic.com\/","name":"Eugen Varzi\u0107","description":"Suvremeni figurativni slikar \u2014 Istra, HR","publisher":{"@id":"https:\/\/eugenvarzic.com\/#\/schema\/person\/1928e81eca9b9efd39fef3e26939d04c"},"alternateName":"Contemporary figurative painter","potentialAction":[{"@type":"SearchAction","target":{"@type":"EntryPoint","urlTemplate":"https:\/\/eugenvarzic.com\/?s={search_term_string}"},"query-input":{"@type":"PropertyValueSpecification","valueRequired":true,"valueName":"search_term_string"}}],"inLanguage":"hr-HR"},{"@type":["Person","Organization"],"@id":"https:\/\/eugenvarzic.com\/#\/schema\/person\/1928e81eca9b9efd39fef3e26939d04c","name":"Eugen","image":{"@type":"ImageObject","inLanguage":"hr-HR","@id":"https:\/\/eugenvarzic.com\/wp-content\/uploads\/2025\/02\/475979177_4852069231684115_4646300910609148417_n.jpg","url":"https:\/\/eugenvarzic.com\/wp-content\/uploads\/2025\/02\/475979177_4852069231684115_4646300910609148417_n.jpg","contentUrl":"https:\/\/eugenvarzic.com\/wp-content\/uploads\/2025\/02\/475979177_4852069231684115_4646300910609148417_n.jpg","width":961,"height":961,"caption":"Eugen"},"logo":{"@id":"https:\/\/eugenvarzic.com\/wp-content\/uploads\/2025\/02\/475979177_4852069231684115_4646300910609148417_n.jpg"},"sameAs":["https:\/\/eugenvarzic.com\/","https:\/\/www.facebook.com\/eugen.varzic\/","https:\/\/www.instagram.com\/eugenvarzic\/","https:\/\/www.linkedin.com\/in\/eugen-varzi-680b9869\/?originalSubdomain=hr","https:\/\/x.com\/eugenvarzic"]}]}},"jetpack_featured_media_url":"https:\/\/eugenvarzic.com\/wp-content\/uploads\/2014\/09\/03.jpg","jetpack_sharing_enabled":true,"_links":{"self":[{"href":"https:\/\/eugenvarzic.com\/hr\/wp-json\/wp\/v2\/posts\/2203","targetHints":{"allow":["GET"]}}],"collection":[{"href":"https:\/\/eugenvarzic.com\/hr\/wp-json\/wp\/v2\/posts"}],"about":[{"href":"https:\/\/eugenvarzic.com\/hr\/wp-json\/wp\/v2\/types\/post"}],"author":[{"embeddable":true,"href":"https:\/\/eugenvarzic.com\/hr\/wp-json\/wp\/v2\/users\/1"}],"replies":[{"embeddable":true,"href":"https:\/\/eugenvarzic.com\/hr\/wp-json\/wp\/v2\/comments?post=2203"}],"version-history":[{"count":9,"href":"https:\/\/eugenvarzic.com\/hr\/wp-json\/wp\/v2\/posts\/2203\/revisions"}],"predecessor-version":[{"id":9474,"href":"https:\/\/eugenvarzic.com\/hr\/wp-json\/wp\/v2\/posts\/2203\/revisions\/9474"}],"wp:featuredmedia":[{"embeddable":true,"href":"https:\/\/eugenvarzic.com\/hr\/wp-json\/wp\/v2\/media\/1158"}],"wp:attachment":[{"href":"https:\/\/eugenvarzic.com\/hr\/wp-json\/wp\/v2\/media?parent=2203"}],"wp:term":[{"taxonomy":"category","embeddable":true,"href":"https:\/\/eugenvarzic.com\/hr\/wp-json\/wp\/v2\/categories?post=2203"},{"taxonomy":"post_tag","embeddable":true,"href":"https:\/\/eugenvarzic.com\/hr\/wp-json\/wp\/v2\/tags?post=2203"}],"curies":[{"name":"wp","href":"https:\/\/api.w.org\/{rel}","templated":true}]}}